{"id":72086,"date":"2016-11-11T12:47:04","date_gmt":"2016-11-11T11:47:04","guid":{"rendered":"https:\/\/elisvillamartin.com\/?p=69718"},"modified":"2024-04-23T14:48:30","modified_gmt":"2024-04-23T12:48:30","slug":"una-ciudad-de-material-reciclado","status":"publish","type":"school_news","link":"https:\/\/elisvillamartin.com\/es\/noticias-escolares\/una-ciudad-de-material-reciclado\/","title":{"rendered":"Una ciudad de material reciclado"},"content":{"rendered":"<div class=\"wpb-content-wrapper\"><p>[vc_row][vc_column][vc_column_text]El lunes pasado celebramos un taller muy original en Year 2. Los alumnos acaban de terminar en Ciencias Sociales el tema de \u201clos elementos de la ciudad\u201d y, como forma de poner en pr\u00e1ctica los conocimientos adquiridos, invitamos a todos los padres a venir al colegio para construir juntos la maqueta de una ciudad con material reciclado. De esta forma, adem\u00e1s de aplicar lo aprendido, los alumnos trabajaron en equipo fomentando el esp\u00edritu de colaboraci\u00f3n. El resultado es una preciosa (\u00a1e inmensa!) inmensa ciudad construida a base de tetrabricks, rollos de papel, tapones, cajas de todos los tama\u00f1os, etc. Os invitamos a asomaros al pasillo de Primaria para verla. \u00a1Ver\u00e9is que est\u00e1 plasmado hasta el m\u00e1s m\u00ednimo detalle![\/vc_column_text][\/vc_column][\/vc_row]<\/p>\n<\/div>","protected":false},"excerpt":{"rendered":"<p>El lunes pasado celebramos un taller muy original en Year 2. Los alumnos acaban de terminar en Ciencias Sociales el tema de \u201clos elementos de la ciudad\u201d y, como forma de poner en pr\u00e1ctica los conocimientos adquiridos, invitamos a todos los padres a venir al colegio para construir juntos la maqueta de una ciudad con material reciclado.<\/p>\n","protected":false},"author":483,"featured_media":69715,"parent":0,"menu_order":0,"template":"","meta":{"_acf_changed":false,"footnotes":""},"news-category":[219],"news-tag":[],"class_list":["post-72086","school_news","type-school_news","status-publish","has-post-thumbnail","hentry","news-category-vida-escolar"],"acf":[],"yoast_head":"<!-- This site is optimized with the Yoast SEO plugin v26.5 - https:\/\/yoast.com\/wordpress\/plugins\/seo\/ -->\n<title>Una ciudad de material reciclado - El Limonar International School Villamart\u00edn<\/title>\n<meta name=\"robots\" content=\"index, follow, max-snippet:-1, max-image-preview:large, max-video-preview:-1\" \/>\n<link rel=\"canonical\" href=\"https:\/\/elisvillamartin.com\/es\/noticias-escolares\/una-ciudad-de-material-reciclado\/\" \/>\n<meta property=\"og:locale\" content=\"es_ES\" \/>\n<meta property=\"og:type\" content=\"article\" \/>\n<meta property=\"og:title\" content=\"Una ciudad de material reciclado - El Limonar International School Villamart\u00edn\" \/>\n<meta property=\"og:description\" content=\"El lunes pasado celebramos un taller muy original en Year 2. Los alumnos acaban de terminar en Ciencias Sociales el tema de \u201clos elementos de la ciudad\u201d y, como forma de poner en pr\u00e1ctica los conocimientos adquiridos, invitamos a todos los padres a venir al colegio para construir juntos la maqueta de una ciudad con material reciclado.\" \/>\n<meta property=\"og:url\" content=\"https:\/\/elisvillamartin.com\/es\/noticias-escolares\/una-ciudad-de-material-reciclado\/\" \/>\n<meta property=\"og:site_name\" content=\"El Limonar International School Villamart\u00edn\" \/>\n<meta property=\"article:publisher\" content=\"https:\/\/www.facebook.com\/ElLimonarInternationalSchoolVillamartin\/\" \/>\n<meta property=\"article:modified_time\" content=\"2024-04-23T12:48:30+00:00\" \/>\n<meta property=\"og:image\" content=\"https:\/\/elisvillamartin.com\/wp-content\/uploads\/sites\/109\/2023\/09\/IMG_2434-4.jpeg\" \/>\n\t<meta property=\"og:image:width\" content=\"1024\" \/>\n\t<meta property=\"og:image:height\" content=\"768\" \/>\n\t<meta property=\"og:image:type\" content=\"image\/jpeg\" \/>\n<meta name=\"twitter:card\" content=\"summary_large_image\" \/>\n<meta name=\"twitter:label1\" content=\"Tiempo de lectura\" \/>\n\t<meta name=\"twitter:data1\" content=\"1 minuto\" \/>\n<!-- \/ Yoast SEO plugin. -->","yoast_head_json":{"title":"Una ciudad de material reciclado - El Limonar International School Villamart\u00edn","robots":{"index":"index","follow":"follow","max-snippet":"max-snippet:-1","max-image-preview":"max-image-preview:large","max-video-preview":"max-video-preview:-1"},"canonical":"https:\/\/elisvillamartin.com\/es\/noticias-escolares\/una-ciudad-de-material-reciclado\/","og_locale":"es_ES","og_type":"article","og_title":"Una ciudad de material reciclado - El Limonar International School Villamart\u00edn","og_description":"El lunes pasado celebramos un taller muy original en Year 2. Los alumnos acaban de terminar en Ciencias Sociales el tema de \u201clos elementos de la ciudad\u201d y, como forma de poner en pr\u00e1ctica los conocimientos adquiridos, invitamos a todos los padres a venir al colegio para construir juntos la maqueta de una ciudad con material reciclado.","og_url":"https:\/\/elisvillamartin.com\/es\/noticias-escolares\/una-ciudad-de-material-reciclado\/","og_site_name":"El Limonar International School Villamart\u00edn","article_publisher":"https:\/\/www.facebook.com\/ElLimonarInternationalSchoolVillamartin\/","article_modified_time":"2024-04-23T12:48:30+00:00","og_image":[{"width":1024,"height":768,"url":"https:\/\/elisvillamartin.com\/wp-content\/uploads\/sites\/109\/2023\/09\/IMG_2434-4.jpeg","type":"image\/jpeg"}],"twitter_card":"summary_large_image","twitter_misc":{"Tiempo de lectura":"1 minuto"},"schema":{"@context":"https:\/\/schema.org","@graph":[{"@type":"WebPage","@id":"https:\/\/elisvillamartin.com\/es\/noticias-escolares\/una-ciudad-de-material-reciclado\/","url":"https:\/\/elisvillamartin.com\/es\/noticias-escolares\/una-ciudad-de-material-reciclado\/","name":"Una ciudad de material reciclado - El Limonar International School Villamart\u00edn","isPartOf":{"@id":"https:\/\/elisvillamartin.com\/es\/#website"},"primaryImageOfPage":{"@id":"https:\/\/elisvillamartin.com\/es\/noticias-escolares\/una-ciudad-de-material-reciclado\/#primaryimage"},"image":{"@id":"https:\/\/elisvillamartin.com\/es\/noticias-escolares\/una-ciudad-de-material-reciclado\/#primaryimage"},"thumbnailUrl":"https:\/\/elisvillamartin.com\/wp-content\/uploads\/sites\/109\/2023\/09\/IMG_2434-4.jpeg","datePublished":"2016-11-11T11:47:04+00:00","dateModified":"2024-04-23T12:48:30+00:00","breadcrumb":{"@id":"https:\/\/elisvillamartin.com\/es\/noticias-escolares\/una-ciudad-de-material-reciclado\/#breadcrumb"},"inLanguage":"es","potentialAction":[{"@type":"ReadAction","target":["https:\/\/elisvillamartin.com\/es\/noticias-escolares\/una-ciudad-de-material-reciclado\/"]}]},{"@type":"ImageObject","inLanguage":"es","@id":"https:\/\/elisvillamartin.com\/es\/noticias-escolares\/una-ciudad-de-material-reciclado\/#primaryimage","url":"https:\/\/elisvillamartin.com\/wp-content\/uploads\/sites\/109\/2023\/09\/IMG_2434-4.jpeg","contentUrl":"https:\/\/elisvillamartin.com\/wp-content\/uploads\/sites\/109\/2023\/09\/IMG_2434-4.jpeg","width":1024,"height":768},{"@type":"BreadcrumbList","@id":"https:\/\/elisvillamartin.com\/es\/noticias-escolares\/una-ciudad-de-material-reciclado\/#breadcrumb","itemListElement":[{"@type":"ListItem","position":1,"name":"Home","item":"https:\/\/elisvillamartin.com\/es\/"},{"@type":"ListItem","position":2,"name":"Noticias Escolares","item":"https:\/\/elisvillamartin.com\/es\/noticias-escolares\/"},{"@type":"ListItem","position":3,"name":"Una ciudad de material reciclado"}]},{"@type":"WebSite","@id":"https:\/\/elisvillamartin.com\/es\/#website","url":"https:\/\/elisvillamartin.com\/es\/","name":"El Limonar International School Villamart\u00edn","description":"ELIS Villamart\u00edn is part of the Cognita Schools Group","publisher":{"@id":"https:\/\/elisvillamartin.com\/es\/#organization"},"alternateName":"ELIS Villamartin","potentialAction":[{"@type":"SearchAction","target":{"@type":"EntryPoint","urlTemplate":"https:\/\/elisvillamartin.com\/es\/?s={search_term_string}"},"query-input":{"@type":"PropertyValueSpecification","valueRequired":true,"valueName":"search_term_string"}}],"inLanguage":"es"},{"@type":"Organization","@id":"https:\/\/elisvillamartin.com\/es\/#organization","name":"ELIS Villamart\u00edn","alternateName":"ELIS Villamart\u00edn","url":"https:\/\/elisvillamartin.com\/es\/","logo":{"@type":"ImageObject","inLanguage":"es","@id":"https:\/\/elisvillamartin.com\/es\/#\/schema\/logo\/image\/","url":"https:\/\/elisvillamartin.com\/wp-content\/uploads\/sites\/109\/2024\/11\/LOGO-ELIS-VILLAMARTIN-COLOR.jpg","contentUrl":"https:\/\/elisvillamartin.com\/wp-content\/uploads\/sites\/109\/2024\/11\/LOGO-ELIS-VILLAMARTIN-COLOR.jpg","width":1240,"height":575,"caption":"ELIS Villamart\u00edn"},"image":{"@id":"https:\/\/elisvillamartin.com\/es\/#\/schema\/logo\/image\/"},"sameAs":["https:\/\/www.facebook.com\/ElLimonarInternationalSchoolVillamartin\/","https:\/\/www.instagram.com\/elis.villamartin"]}]}},"jetpack_sharing_enabled":true,"_links":{"self":[{"href":"https:\/\/elisvillamartin.com\/es\/wp-json\/wp\/v2\/school_news\/72086","targetHints":{"allow":["GET"]}}],"collection":[{"href":"https:\/\/elisvillamartin.com\/es\/wp-json\/wp\/v2\/school_news"}],"about":[{"href":"https:\/\/elisvillamartin.com\/es\/wp-json\/wp\/v2\/types\/school_news"}],"author":[{"embeddable":true,"href":"https:\/\/elisvillamartin.com\/es\/wp-json\/wp\/v2\/users\/483"}],"version-history":[{"count":1,"href":"https:\/\/elisvillamartin.com\/es\/wp-json\/wp\/v2\/school_news\/72086\/revisions"}],"predecessor-version":[{"id":72152,"href":"https:\/\/elisvillamartin.com\/es\/wp-json\/wp\/v2\/school_news\/72086\/revisions\/72152"}],"wp:featuredmedia":[{"embeddable":true,"href":"https:\/\/elisvillamartin.com\/es\/wp-json\/wp\/v2\/media\/69715"}],"wp:attachment":[{"href":"https:\/\/elisvillamartin.com\/es\/wp-json\/wp\/v2\/media?parent=72086"}],"wp:term":[{"taxonomy":"news-category","embeddable":true,"href":"https:\/\/elisvillamartin.com\/es\/wp-json\/wp\/v2\/news-category?post=72086"},{"taxonomy":"news-tag","embeddable":true,"href":"https:\/\/elisvillamartin.com\/es\/wp-json\/wp\/v2\/news-tag?post=72086"}],"curies":[{"name":"wp","href":"https:\/\/api.w.org\/{rel}","templated":true}]}}